{"id":339,"date":"2023-09-11T18:58:21","date_gmt":"2023-09-11T16:58:21","guid":{"rendered":"http:\/\/grundschule-juri-gagarin.de\/?p=339"},"modified":"2023-11-08T07:03:02","modified_gmt":"2023-11-08T06:03:02","slug":"herzlich-willkommen-liebe-erstklaessler","status":"publish","type":"post","link":"https:\/\/grundschule-juri-gagarin.de\/index.php\/2023\/09\/11\/herzlich-willkommen-liebe-erstklaessler\/","title":{"rendered":"Herzlich willkommen liebe Erstkl\u00e4ssler!"},"content":{"rendered":"\n<p>Am <strong>1. September 2023<\/strong> wurden unsere drei 1. Klassen feierlich in unsere Schule aufgenommen.<\/p>\n\n\n\n<p>Am Ende ihrer Willkommenswoche erlebten die neuen Erstkl\u00e4ssler im Beisein ihrer Eltern und Verwandten eine herzliche Rede durch die Schulleiterin Angelika D\u00f6ring und ein fr\u00f6hliches Programm, welches unsere 3. Klassen f\u00fcr sie einstudiert hatten.<\/p>\n\n\n\n<p>Der H\u00f6hepunkt war sicherlich wieder die feierliche \u00dcbergabe der Schult\u00fcten durch die Mitglieder der Freiwilligen Feuerwehr Rostock-Stadt-Mitte. Die Kameradinnen und Kameraden standen trotz der sommerlichen Temperaturen gut gelaunt f\u00fcr zahlreiche Fotos bereit und machten unsere J\u00fcngsten mit ihren Einsatzfahrzeugen vertraut.<\/p>\n\n\n\n<p>Ein ganz herzliches Dankesch\u00f6n an alle Beteiligten, die diesen Tag f\u00fcr unsere neuen Sch\u00fclerinnen und Sch\u00fcler zu etwas Besonderem gemacht haben.<\/p>\n\n\n\n<figure class=\"wp-block-image size-large\"><img loading=\"lazy\" decoding=\"async\" width=\"1024\" height=\"1001\" src=\"http:\/\/grundschule-juri-gagarin.de\/wp-content\/uploads\/2023\/09\/IMG-9539-1024x1001.jpg\" alt=\"\" class=\"wp-image-343\" srcset=\"https:\/\/grundschule-juri-gagarin.de\/wp-content\/uploads\/2023\/09\/IMG-9539-1024x1001.jpg 1024w, https:\/\/grundschule-juri-gagarin.de\/wp-content\/uploads\/2023\/09\/IMG-9539-300x293.jpg 300w, https:\/\/grundschule-juri-gagarin.de\/wp-content\/uploads\/2023\/09\/IMG-9539-768x750.jpg 768w, https:\/\/grundschule-juri-gagarin.de\/wp-content\/uploads\/2023\/09\/IMG-9539-1536x1501.jpg 1536w, https:\/\/grundschule-juri-gagarin.de\/wp-content\/uploads\/2023\/09\/IMG-9539-2048x2001.jpg 2048w\" sizes=\"auto, (max-width: 1024px) 100vw, 1024px\" \/><\/figure>\n\n\n\n<figure class=\"wp-block-image size-large\"><img loading=\"lazy\" decoding=\"async\" width=\"1024\" height=\"768\" src=\"http:\/\/grundschule-juri-gagarin.de\/wp-content\/uploads\/2023\/09\/IMG-9526-1024x768.jpg\" alt=\"\" class=\"wp-image-342\" srcset=\"https:\/\/grundschule-juri-gagarin.de\/wp-content\/uploads\/2023\/09\/IMG-9526-1024x768.jpg 1024w, https:\/\/grundschule-juri-gagarin.de\/wp-content\/uploads\/2023\/09\/IMG-9526-300x225.jpg 300w, https:\/\/grundschule-juri-gagarin.de\/wp-content\/uploads\/2023\/09\/IMG-9526-768x576.jpg 768w, https:\/\/grundschule-juri-gagarin.de\/wp-content\/uploads\/2023\/09\/IMG-9526-1536x1152.jpg 1536w, https:\/\/grundschule-juri-gagarin.de\/wp-content\/uploads\/2023\/09\/IMG-9526-2048x1536.jpg 2048w\" sizes=\"auto, (max-width: 1024px) 100vw, 1024px\" \/><\/figure>\n","protected":false},"excerpt":{"rendered":"<p>Am 1. September 2023 wurden unsere drei 1. Klassen feierlich in unsere Schule aufgenommen. Am Ende ihrer Willkommenswoche erlebten die neuen Erstkl\u00e4ssler im Beisein ihrer Eltern und Verwandten eine herzliche Rede durch die Schulleiterin Angelika D\u00f6ring und ein fr\u00f6hliches Programm, &hellip; <a href=\"https:\/\/grundschule-juri-gagarin.de\/index.php\/2023\/09\/11\/herzlich-willkommen-liebe-erstklaessler\/\">Weiterlesen <span class=\"meta-nav\">&rarr;<\/span><\/a><\/p>\n","protected":false},"author":2,"featured_media":0,"comment_status":"closed","ping_status":"","sticky":false,"template":"","format":"standard","meta":{"footnotes":""},"categories":[1],"tags":[],"class_list":["post-339","post","type-post","status-publish","format-standard","hentry","category-aktuelles"],"_links":{"self":[{"href":"https:\/\/grundschule-juri-gagarin.de\/index.php\/wp-json\/wp\/v2\/posts\/339","targetHints":{"allow":["GET"]}}],"collection":[{"href":"https:\/\/grundschule-juri-gagarin.de\/index.php\/wp-json\/wp\/v2\/posts"}],"about":[{"href":"https:\/\/grundschule-juri-gagarin.de\/index.php\/wp-json\/wp\/v2\/types\/post"}],"author":[{"embeddable":true,"href":"https:\/\/grundschule-juri-gagarin.de\/index.php\/wp-json\/wp\/v2\/users\/2"}],"replies":[{"embeddable":true,"href":"https:\/\/grundschule-juri-gagarin.de\/index.php\/wp-json\/wp\/v2\/comments?post=339"}],"version-history":[{"count":6,"href":"https:\/\/grundschule-juri-gagarin.de\/index.php\/wp-json\/wp\/v2\/posts\/339\/revisions"}],"predecessor-version":[{"id":493,"href":"https:\/\/grundschule-juri-gagarin.de\/index.php\/wp-json\/wp\/v2\/posts\/339\/revisions\/493"}],"wp:attachment":[{"href":"https:\/\/grundschule-juri-gagarin.de\/index.php\/wp-json\/wp\/v2\/media?parent=339"}],"wp:term":[{"taxonomy":"category","embeddable":true,"href":"https:\/\/grundschule-juri-gagarin.de\/index.php\/wp-json\/wp\/v2\/categories?post=339"},{"taxonomy":"post_tag","embeddable":true,"href":"https:\/\/grundschule-juri-gagarin.de\/index.php\/wp-json\/wp\/v2\/tags?post=339"}],"curies":[{"name":"wp","href":"https:\/\/api.w.org\/{rel}","templated":true}]}}