{"id":1200,"date":"2025-09-30T22:29:21","date_gmt":"2025-09-30T20:29:21","guid":{"rendered":"https:\/\/grundschule-juri-gagarin.de\/?p=1200"},"modified":"2025-10-09T07:06:04","modified_gmt":"2025-10-09T05:06:04","slug":"unser-tag-der-offenen-tuer-2","status":"publish","type":"post","link":"https:\/\/grundschule-juri-gagarin.de\/index.php\/2025\/09\/30\/unser-tag-der-offenen-tuer-2\/","title":{"rendered":"Unser &#8222;Tag der offenen T\u00fcr&#8220;"},"content":{"rendered":"\n<p>Unser \u201eTag der offenen T\u00fcr\u201c fand am <strong>26. September 2025 <\/strong>von 15:00 bis 17:00 Uhr statt. Neben Einsichten in den Schulalltag konnten besonders die Kinder viele Stationen, z.B. Basteln, Malen und Sportspiele erleben. Von der Schulanmeldung bis hin zur Einschulung gab es zahlreiche Informationen f\u00fcr die Eltern der zuk\u00fcnftigen Erstkl\u00e4sserInnen. F\u00fcr das leibliche Wohl war reichlich gesorgt.<\/p>\n","protected":false},"excerpt":{"rendered":"<p>Unser \u201eTag der offenen T\u00fcr\u201c fand am 26. September 2025 von 15:00 bis 17:00 Uhr statt. Neben Einsichten in den Schulalltag konnten besonders die Kinder viele Stationen, z.B. Basteln, Malen und Sportspiele erleben. Von der Schulanmeldung bis hin zur Einschulung &hellip; <a href=\"https:\/\/grundschule-juri-gagarin.de\/index.php\/2025\/09\/30\/unser-tag-der-offenen-tuer-2\/\">Weiterlesen <span class=\"meta-nav\">&rarr;<\/span><\/a><\/p>\n","protected":false},"author":1,"featured_media":0,"comment_status":"closed","ping_status":"","sticky":false,"template":"","format":"standard","meta":{"footnotes":""},"categories":[1],"tags":[],"class_list":["post-1200","post","type-post","status-publish","format-standard","hentry","category-aktuelles"],"_links":{"self":[{"href":"https:\/\/grundschule-juri-gagarin.de\/index.php\/wp-json\/wp\/v2\/posts\/1200","targetHints":{"allow":["GET"]}}],"collection":[{"href":"https:\/\/grundschule-juri-gagarin.de\/index.php\/wp-json\/wp\/v2\/posts"}],"about":[{"href":"https:\/\/grundschule-juri-gagarin.de\/index.php\/wp-json\/wp\/v2\/types\/post"}],"author":[{"embeddable":true,"href":"https:\/\/grundschule-juri-gagarin.de\/index.php\/wp-json\/wp\/v2\/users\/1"}],"replies":[{"embeddable":true,"href":"https:\/\/grundschule-juri-gagarin.de\/index.php\/wp-json\/wp\/v2\/comments?post=1200"}],"version-history":[{"count":4,"href":"https:\/\/grundschule-juri-gagarin.de\/index.php\/wp-json\/wp\/v2\/posts\/1200\/revisions"}],"predecessor-version":[{"id":1220,"href":"https:\/\/grundschule-juri-gagarin.de\/index.php\/wp-json\/wp\/v2\/posts\/1200\/revisions\/1220"}],"wp:attachment":[{"href":"https:\/\/grundschule-juri-gagarin.de\/index.php\/wp-json\/wp\/v2\/media?parent=1200"}],"wp:term":[{"taxonomy":"category","embeddable":true,"href":"https:\/\/grundschule-juri-gagarin.de\/index.php\/wp-json\/wp\/v2\/categories?post=1200"},{"taxonomy":"post_tag","embeddable":true,"href":"https:\/\/grundschule-juri-gagarin.de\/index.php\/wp-json\/wp\/v2\/tags?post=1200"}],"curies":[{"name":"wp","href":"https:\/\/api.w.org\/{rel}","templated":true}]}}