{"id":1193,"date":"2025-09-30T22:21:23","date_gmt":"2025-09-30T20:21:23","guid":{"rendered":"https:\/\/grundschule-juri-gagarin.de\/?p=1193"},"modified":"2025-09-30T22:21:23","modified_gmt":"2025-09-30T20:21:23","slug":"stadtteilfest-vielfalt-verbindet","status":"publish","type":"post","link":"https:\/\/grundschule-juri-gagarin.de\/index.php\/2025\/09\/30\/stadtteilfest-vielfalt-verbindet\/","title":{"rendered":"Stadtteilfest \u201eVielfalt verbindet\u201c"},"content":{"rendered":"\n<p>Am Freitag, den <strong>19.09.2025<\/strong>, war in unserer S\u00fcdstadt wieder mal was los. Unter dem Motto \u201eVielfalt verbindet\u201c gab es ein buntes Programm mit vielen sch\u00f6nen St\u00e4nden zum Entdecken f\u00fcr Jung und Alt.<\/p>\n\n\n\n<p>Auch unsere Schule war dabei und hatte eine Kreativstation, bei der tolle eigene Buttons gestaltet werden konnten. Ebenfalls hatten wir eine kreative Leinwand, wo mit Hilfe der G\u00e4ste, passend zum Thema \u201eVielfalt\u201c, mehrere gro\u00dfe Puzzlest\u00fccke zu einem Gemeinschaftsbild bemalt und zusammengepuzzelt wurden. Das Endergebnis kann nun vorerst im SBZ bestaunt werden. Es besteht dort ebenfalls die M\u00f6glichkeit, ein weiteres Puzzleteil hinzuzuf\u00fcgen, bis die ganze Leinwand voll ist.<\/p>\n\n\n\n<p>Das Wetter zeigte sich von seiner besten Seite und das Fest war sehr gut besucht. Wir freuen uns schon jetzt auf das n\u00e4chste Mal!<\/p>\n\n\n\n<figure class=\"wp-block-gallery has-nested-images columns-default is-cropped wp-block-gallery-1 is-layout-flex wp-block-gallery-is-layout-flex\">\n<figure class=\"wp-block-image size-large\"><img loading=\"lazy\" decoding=\"async\" width=\"1024\" height=\"621\" data-id=\"1195\" src=\"https:\/\/grundschule-juri-gagarin.de\/wp-content\/uploads\/2025\/09\/Stadtteilfest-19.09.2025-3-1024x621.jpg\" alt=\"\" class=\"wp-image-1195\" srcset=\"https:\/\/grundschule-juri-gagarin.de\/wp-content\/uploads\/2025\/09\/Stadtteilfest-19.09.2025-3-1024x621.jpg 1024w, https:\/\/grundschule-juri-gagarin.de\/wp-content\/uploads\/2025\/09\/Stadtteilfest-19.09.2025-3-300x182.jpg 300w, https:\/\/grundschule-juri-gagarin.de\/wp-content\/uploads\/2025\/09\/Stadtteilfest-19.09.2025-3-768x465.jpg 768w, https:\/\/grundschule-juri-gagarin.de\/wp-content\/uploads\/2025\/09\/Stadtteilfest-19.09.2025-3-1536x931.jpg 1536w, https:\/\/grundschule-juri-gagarin.de\/wp-content\/uploads\/2025\/09\/Stadtteilfest-19.09.2025-3-2048x1241.jpg 2048w\" sizes=\"auto, (max-width: 1024px) 100vw, 1024px\" \/><\/figure>\n\n\n\n<figure class=\"wp-block-image size-large\"><img loading=\"lazy\" decoding=\"async\" width=\"1024\" height=\"791\" data-id=\"1194\" src=\"https:\/\/grundschule-juri-gagarin.de\/wp-content\/uploads\/2025\/09\/Stadtteilfest-19.09.2025-1024x791.jpg\" alt=\"\" class=\"wp-image-1194\" srcset=\"https:\/\/grundschule-juri-gagarin.de\/wp-content\/uploads\/2025\/09\/Stadtteilfest-19.09.2025-1024x791.jpg 1024w, https:\/\/grundschule-juri-gagarin.de\/wp-content\/uploads\/2025\/09\/Stadtteilfest-19.09.2025-300x232.jpg 300w, https:\/\/grundschule-juri-gagarin.de\/wp-content\/uploads\/2025\/09\/Stadtteilfest-19.09.2025-768x593.jpg 768w, https:\/\/grundschule-juri-gagarin.de\/wp-content\/uploads\/2025\/09\/Stadtteilfest-19.09.2025-1536x1187.jpg 1536w, https:\/\/grundschule-juri-gagarin.de\/wp-content\/uploads\/2025\/09\/Stadtteilfest-19.09.2025-2048x1583.jpg 2048w\" sizes=\"auto, (max-width: 1024px) 100vw, 1024px\" \/><\/figure>\n<\/figure>\n","protected":false},"excerpt":{"rendered":"<p>Am Freitag, den 19.09.2025, war in unserer S\u00fcdstadt wieder mal was los. Unter dem Motto \u201eVielfalt verbindet\u201c gab es ein buntes Programm mit vielen sch\u00f6nen St\u00e4nden zum Entdecken f\u00fcr Jung und Alt. Auch unsere Schule war dabei und hatte eine &hellip; <a href=\"https:\/\/grundschule-juri-gagarin.de\/index.php\/2025\/09\/30\/stadtteilfest-vielfalt-verbindet\/\">Weiterlesen <span class=\"meta-nav\">&rarr;<\/span><\/a><\/p>\n","protected":false},"author":1,"featured_media":0,"comment_status":"closed","ping_status":"","sticky":false,"template":"","format":"standard","meta":{"footnotes":""},"categories":[1],"tags":[],"class_list":["post-1193","post","type-post","status-publish","format-standard","hentry","category-aktuelles"],"_links":{"self":[{"href":"https:\/\/grundschule-juri-gagarin.de\/index.php\/wp-json\/wp\/v2\/posts\/1193","targetHints":{"allow":["GET"]}}],"collection":[{"href":"https:\/\/grundschule-juri-gagarin.de\/index.php\/wp-json\/wp\/v2\/posts"}],"about":[{"href":"https:\/\/grundschule-juri-gagarin.de\/index.php\/wp-json\/wp\/v2\/types\/post"}],"author":[{"embeddable":true,"href":"https:\/\/grundschule-juri-gagarin.de\/index.php\/wp-json\/wp\/v2\/users\/1"}],"replies":[{"embeddable":true,"href":"https:\/\/grundschule-juri-gagarin.de\/index.php\/wp-json\/wp\/v2\/comments?post=1193"}],"version-history":[{"count":1,"href":"https:\/\/grundschule-juri-gagarin.de\/index.php\/wp-json\/wp\/v2\/posts\/1193\/revisions"}],"predecessor-version":[{"id":1196,"href":"https:\/\/grundschule-juri-gagarin.de\/index.php\/wp-json\/wp\/v2\/posts\/1193\/revisions\/1196"}],"wp:attachment":[{"href":"https:\/\/grundschule-juri-gagarin.de\/index.php\/wp-json\/wp\/v2\/media?parent=1193"}],"wp:term":[{"taxonomy":"category","embeddable":true,"href":"https:\/\/grundschule-juri-gagarin.de\/index.php\/wp-json\/wp\/v2\/categories?post=1193"},{"taxonomy":"post_tag","embeddable":true,"href":"https:\/\/grundschule-juri-gagarin.de\/index.php\/wp-json\/wp\/v2\/tags?post=1193"}],"curies":[{"name":"wp","href":"https:\/\/api.w.org\/{rel}","templated":true}]}}