{"id":1108,"date":"2025-07-10T20:27:38","date_gmt":"2025-07-10T18:27:38","guid":{"rendered":"https:\/\/grundschule-juri-gagarin.de\/?p=1108"},"modified":"2025-07-10T20:32:23","modified_gmt":"2025-07-10T18:32:23","slug":"le-petit-jury-im-kino","status":"publish","type":"post","link":"https:\/\/grundschule-juri-gagarin.de\/index.php\/2025\/07\/10\/le-petit-jury-im-kino\/","title":{"rendered":"Le petit Jury im Kino"},"content":{"rendered":"\n<p>Am <strong>10.07.2025<\/strong> nahmen unsere vier Franz\u00f6sischklassen am franz\u00f6sischen Kurzfilmfestival f\u00fcr Grundsch\u00fclerInnen im Li.Wu in der Frieda 23 teil. Wir bildeten eine Jury, um den besten Animationsfilm aus Frankreich zu w\u00e4hlen. <\/p>\n\n\n<div class=\"wp-block-image\">\n<figure class=\"aligncenter size-large is-resized\"><img loading=\"lazy\" decoding=\"async\" width=\"1024\" height=\"690\" src=\"https:\/\/grundschule-juri-gagarin.de\/wp-content\/uploads\/2025\/07\/1752171601504-1024x690.jpg\" alt=\"\" class=\"wp-image-1109\" style=\"width:362px;height:auto\" srcset=\"https:\/\/grundschule-juri-gagarin.de\/wp-content\/uploads\/2025\/07\/1752171601504-1024x690.jpg 1024w, https:\/\/grundschule-juri-gagarin.de\/wp-content\/uploads\/2025\/07\/1752171601504-300x202.jpg 300w, https:\/\/grundschule-juri-gagarin.de\/wp-content\/uploads\/2025\/07\/1752171601504-768x517.jpg 768w, https:\/\/grundschule-juri-gagarin.de\/wp-content\/uploads\/2025\/07\/1752171601504-1536x1034.jpg 1536w, https:\/\/grundschule-juri-gagarin.de\/wp-content\/uploads\/2025\/07\/1752171601504-2048x1379.jpg 2048w\" sizes=\"auto, (max-width: 1024px) 100vw, 1024px\" \/><\/figure>\n<\/div>\n\n\n<p>Alle f\u00fcnf gezeigten Kurzfilme bewerteten wir in vier Kategorien: Handlung, Musik, Figuren und Malstil.<\/p>\n\n\n\n<p>Alle Filme fanden ihre Fans, doch am Ende war der Gewinnerfilm eindeutig. <\/p>\n\n\n<div class=\"wp-block-image\">\n<figure class=\"alignleft size-large is-resized\"><img loading=\"lazy\" decoding=\"async\" width=\"1024\" height=\"576\" src=\"https:\/\/grundschule-juri-gagarin.de\/wp-content\/uploads\/2025\/07\/Kiki_2-1920x1080-1-1024x576.jpg\" alt=\"\" class=\"wp-image-1111\" style=\"width:217px;height:auto\" srcset=\"https:\/\/grundschule-juri-gagarin.de\/wp-content\/uploads\/2025\/07\/Kiki_2-1920x1080-1-1024x576.jpg 1024w, https:\/\/grundschule-juri-gagarin.de\/wp-content\/uploads\/2025\/07\/Kiki_2-1920x1080-1-300x169.jpg 300w, https:\/\/grundschule-juri-gagarin.de\/wp-content\/uploads\/2025\/07\/Kiki_2-1920x1080-1-768x432.jpg 768w, https:\/\/grundschule-juri-gagarin.de\/wp-content\/uploads\/2025\/07\/Kiki_2-1920x1080-1-1536x864.jpg 1536w, https:\/\/grundschule-juri-gagarin.de\/wp-content\/uploads\/2025\/07\/Kiki_2-1920x1080-1.jpg 1920w\" sizes=\"auto, (max-width: 1024px) 100vw, 1024px\" \/><\/figure>\n<\/div>\n\n\n<p>&#8222;Kiki la plume&#8220; &#8211; Die zauberhafte Geschichte \u00fcber einen kleinen Vogel, der aus seinem K\u00e4fig floh, um die Welt zu entdecken und dabei unerwartet einen Freund f\u00fcrs Leben fand.<\/p>\n\n\n<div class=\"wp-block-image\">\n<figure class=\"alignright size-large is-resized\"><img loading=\"lazy\" decoding=\"async\" width=\"1024\" height=\"651\" src=\"http:\/\/grundschule-juri-gagarin.de\/wp-content\/uploads\/2025\/07\/1752171740485-1024x651.jpg\" alt=\"\" class=\"wp-image-1110\" style=\"width:249px;height:auto\" srcset=\"https:\/\/grundschule-juri-gagarin.de\/wp-content\/uploads\/2025\/07\/1752171740485-1024x651.jpg 1024w, https:\/\/grundschule-juri-gagarin.de\/wp-content\/uploads\/2025\/07\/1752171740485-300x191.jpg 300w, https:\/\/grundschule-juri-gagarin.de\/wp-content\/uploads\/2025\/07\/1752171740485-768x488.jpg 768w, https:\/\/grundschule-juri-gagarin.de\/wp-content\/uploads\/2025\/07\/1752171740485-1536x977.jpg 1536w, https:\/\/grundschule-juri-gagarin.de\/wp-content\/uploads\/2025\/07\/1752171740485-2048x1302.jpg 2048w\" sizes=\"auto, (max-width: 1024px) 100vw, 1024px\" \/><\/figure>\n<\/div>\n\n\n<p><\/p>\n\n\n\n<p>Das Publikum war begeistert und schrieb flei\u00dfig kleine K\u00e4rtchen f\u00fcr das Regieduo Julie Rembauville\u00a0und\u00a0Nicolas Bianco-Levrin, nat\u00fcrlich auf franz\u00f6sisch.<\/p>\n\n\n\n<p><\/p>\n","protected":false},"excerpt":{"rendered":"<p>Am 10.07.2025 nahmen unsere vier Franz\u00f6sischklassen am franz\u00f6sischen Kurzfilmfestival f\u00fcr Grundsch\u00fclerInnen im Li.Wu in der Frieda 23 teil. Wir bildeten eine Jury, um den besten Animationsfilm aus Frankreich zu w\u00e4hlen. Alle f\u00fcnf gezeigten Kurzfilme bewerteten wir in vier Kategorien: Handlung, &hellip; <a href=\"https:\/\/grundschule-juri-gagarin.de\/index.php\/2025\/07\/10\/le-petit-jury-im-kino\/\">Weiterlesen <span class=\"meta-nav\">&rarr;<\/span><\/a><\/p>\n","protected":false},"author":1,"featured_media":0,"comment_status":"closed","ping_status":"","sticky":false,"template":"","format":"standard","meta":{"footnotes":""},"categories":[1],"tags":[],"class_list":["post-1108","post","type-post","status-publish","format-standard","hentry","category-aktuelles"],"_links":{"self":[{"href":"https:\/\/grundschule-juri-gagarin.de\/index.php\/wp-json\/wp\/v2\/posts\/1108","targetHints":{"allow":["GET"]}}],"collection":[{"href":"https:\/\/grundschule-juri-gagarin.de\/index.php\/wp-json\/wp\/v2\/posts"}],"about":[{"href":"https:\/\/grundschule-juri-gagarin.de\/index.php\/wp-json\/wp\/v2\/types\/post"}],"author":[{"embeddable":true,"href":"https:\/\/grundschule-juri-gagarin.de\/index.php\/wp-json\/wp\/v2\/users\/1"}],"replies":[{"embeddable":true,"href":"https:\/\/grundschule-juri-gagarin.de\/index.php\/wp-json\/wp\/v2\/comments?post=1108"}],"version-history":[{"count":7,"href":"https:\/\/grundschule-juri-gagarin.de\/index.php\/wp-json\/wp\/v2\/posts\/1108\/revisions"}],"predecessor-version":[{"id":1118,"href":"https:\/\/grundschule-juri-gagarin.de\/index.php\/wp-json\/wp\/v2\/posts\/1108\/revisions\/1118"}],"wp:attachment":[{"href":"https:\/\/grundschule-juri-gagarin.de\/index.php\/wp-json\/wp\/v2\/media?parent=1108"}],"wp:term":[{"taxonomy":"category","embeddable":true,"href":"https:\/\/grundschule-juri-gagarin.de\/index.php\/wp-json\/wp\/v2\/categories?post=1108"},{"taxonomy":"post_tag","embeddable":true,"href":"https:\/\/grundschule-juri-gagarin.de\/index.php\/wp-json\/wp\/v2\/tags?post=1108"}],"curies":[{"name":"wp","href":"https:\/\/api.w.org\/{rel}","templated":true}]}}