{"id":1003,"date":"2025-05-13T17:57:22","date_gmt":"2025-05-13T15:57:22","guid":{"rendered":"https:\/\/grundschule-juri-gagarin.de\/?p=1003"},"modified":"2025-05-15T12:11:07","modified_gmt":"2025-05-15T10:11:07","slug":"unser-zeichen-fuer-den-klimaschutz","status":"publish","type":"post","link":"https:\/\/grundschule-juri-gagarin.de\/index.php\/2025\/05\/13\/unser-zeichen-fuer-den-klimaschutz\/","title":{"rendered":"Unser Zeichen f\u00fcr den Klimaschutz"},"content":{"rendered":"\n<p>Am internationalen Tag des Baumes, dem 25.04.2025, haben unsere vierten Klassen auf dem Schulhof drei neue B\u00e4ume gepflanzt. Alle Sch\u00fclerinnen und Sch\u00fcler haben flei\u00dfig mit angepackt und gebuddelt.&nbsp;<\/p>\n\n\n\n<p>Zuvor wurde im Sachkunde-Unterricht mit gro\u00dfem Interesse das Thema \u201eKlimawandel\u201c erarbeitet. Hierbei durften die Sch\u00fclerinnen und Sch\u00fcler viel \u00fcber die aktuelle Klimalage auf unserer Erde erforschen und kennenlernen. In Gruppenarbeit wurden auch eigene Plakate erstellt und pr\u00e4sentiert, was wir alle f\u00fcr den Klimaschutz machen k\u00f6nnen &#8211; ganz nach dem Motto \u201eWir sind alle Klimasch\u00fctzer!\u201c.\u00a0<\/p>\n\n\n\n<p>Zum kr\u00f6nenden Abschluss freuen wir uns alle sehr \u00fcber eine S\u00fc\u00dfkirsche, eine Quitte sowie \u00fcber einen Pfirsichbaum, die nun unseren Schulhof noch gr\u00fcner werden lassen\u2026 und in ein paar Jahren d\u00fcrfen sich hier viele Kinder \u00fcber leckere Fr\u00fcchte zum Naschen freuen.&nbsp;<\/p>\n\n\n\n<figure class=\"wp-block-gallery has-nested-images columns-default is-cropped wp-block-gallery-1 is-layout-flex wp-block-gallery-is-layout-flex\">\n<figure class=\"wp-block-image size-large\"><img loading=\"lazy\" decoding=\"async\" width=\"768\" height=\"1024\" data-id=\"1005\" src=\"https:\/\/grundschule-juri-gagarin.de\/wp-content\/uploads\/2025\/05\/IMG_7902-768x1024.jpg\" alt=\"\" class=\"wp-image-1005\" srcset=\"https:\/\/grundschule-juri-gagarin.de\/wp-content\/uploads\/2025\/05\/IMG_7902-768x1024.jpg 768w, https:\/\/grundschule-juri-gagarin.de\/wp-content\/uploads\/2025\/05\/IMG_7902-225x300.jpg 225w, https:\/\/grundschule-juri-gagarin.de\/wp-content\/uploads\/2025\/05\/IMG_7902-1152x1536.jpg 1152w, https:\/\/grundschule-juri-gagarin.de\/wp-content\/uploads\/2025\/05\/IMG_7902.jpg 1512w\" sizes=\"auto, (max-width: 768px) 100vw, 768px\" \/><\/figure>\n\n\n\n<figure class=\"wp-block-image size-large\"><img loading=\"lazy\" decoding=\"async\" width=\"768\" height=\"1024\" data-id=\"1006\" src=\"https:\/\/grundschule-juri-gagarin.de\/wp-content\/uploads\/2025\/05\/IMG_7901-768x1024.jpg\" alt=\"\" class=\"wp-image-1006\" srcset=\"https:\/\/grundschule-juri-gagarin.de\/wp-content\/uploads\/2025\/05\/IMG_7901-768x1024.jpg 768w, https:\/\/grundschule-juri-gagarin.de\/wp-content\/uploads\/2025\/05\/IMG_7901-225x300.jpg 225w, https:\/\/grundschule-juri-gagarin.de\/wp-content\/uploads\/2025\/05\/IMG_7901-1152x1536.jpg 1152w, https:\/\/grundschule-juri-gagarin.de\/wp-content\/uploads\/2025\/05\/IMG_7901.jpg 1512w\" sizes=\"auto, (max-width: 768px) 100vw, 768px\" \/><\/figure>\n\n\n\n<figure class=\"wp-block-image size-large\"><img loading=\"lazy\" decoding=\"async\" width=\"768\" height=\"1024\" data-id=\"1004\" src=\"https:\/\/grundschule-juri-gagarin.de\/wp-content\/uploads\/2025\/05\/IMG_7899-768x1024.jpg\" alt=\"\" class=\"wp-image-1004\" srcset=\"https:\/\/grundschule-juri-gagarin.de\/wp-content\/uploads\/2025\/05\/IMG_7899-768x1024.jpg 768w, https:\/\/grundschule-juri-gagarin.de\/wp-content\/uploads\/2025\/05\/IMG_7899-225x300.jpg 225w, https:\/\/grundschule-juri-gagarin.de\/wp-content\/uploads\/2025\/05\/IMG_7899-1152x1536.jpg 1152w, https:\/\/grundschule-juri-gagarin.de\/wp-content\/uploads\/2025\/05\/IMG_7899.jpg 1512w\" sizes=\"auto, (max-width: 768px) 100vw, 768px\" \/><\/figure>\n<\/figure>\n\n\n\n<p>Die B\u00e4ume wurden mit Hilfe von Spenden der Sch\u00fclerInnen sowie Eltern finanziert. Hierf\u00fcr ein herzliches Dankesch\u00f6n!<\/p>\n\n\n\n<p>Ihr Team Klasse 4<\/p>\n","protected":false},"excerpt":{"rendered":"<p>Am internationalen Tag des Baumes, dem 25.04.2025, haben unsere vierten Klassen auf dem Schulhof drei neue B\u00e4ume gepflanzt. Alle Sch\u00fclerinnen und Sch\u00fcler haben flei\u00dfig mit angepackt und gebuddelt.&nbsp; Zuvor wurde im Sachkunde-Unterricht mit gro\u00dfem Interesse das Thema \u201eKlimawandel\u201c erarbeitet. Hierbei &hellip; <a href=\"https:\/\/grundschule-juri-gagarin.de\/index.php\/2025\/05\/13\/unser-zeichen-fuer-den-klimaschutz\/\">Weiterlesen <span class=\"meta-nav\">&rarr;<\/span><\/a><\/p>\n","protected":false},"author":1,"featured_media":0,"comment_status":"closed","ping_status":"","sticky":false,"template":"","format":"standard","meta":{"footnotes":""},"categories":[1],"tags":[],"class_list":["post-1003","post","type-post","status-publish","format-standard","hentry","category-aktuelles"],"_links":{"self":[{"href":"https:\/\/grundschule-juri-gagarin.de\/index.php\/wp-json\/wp\/v2\/posts\/1003","targetHints":{"allow":["GET"]}}],"collection":[{"href":"https:\/\/grundschule-juri-gagarin.de\/index.php\/wp-json\/wp\/v2\/posts"}],"about":[{"href":"https:\/\/grundschule-juri-gagarin.de\/index.php\/wp-json\/wp\/v2\/types\/post"}],"author":[{"embeddable":true,"href":"https:\/\/grundschule-juri-gagarin.de\/index.php\/wp-json\/wp\/v2\/users\/1"}],"replies":[{"embeddable":true,"href":"https:\/\/grundschule-juri-gagarin.de\/index.php\/wp-json\/wp\/v2\/comments?post=1003"}],"version-history":[{"count":3,"href":"https:\/\/grundschule-juri-gagarin.de\/index.php\/wp-json\/wp\/v2\/posts\/1003\/revisions"}],"predecessor-version":[{"id":1021,"href":"https:\/\/grundschule-juri-gagarin.de\/index.php\/wp-json\/wp\/v2\/posts\/1003\/revisions\/1021"}],"wp:attachment":[{"href":"https:\/\/grundschule-juri-gagarin.de\/index.php\/wp-json\/wp\/v2\/media?parent=1003"}],"wp:term":[{"taxonomy":"category","embeddable":true,"href":"https:\/\/grundschule-juri-gagarin.de\/index.php\/wp-json\/wp\/v2\/categories?post=1003"},{"taxonomy":"post_tag","embeddable":true,"href":"https:\/\/grundschule-juri-gagarin.de\/index.php\/wp-json\/wp\/v2\/tags?post=1003"}],"curies":[{"name":"wp","href":"https:\/\/api.w.org\/{rel}","templated":true}]}}